{"id":16450,"date":"2026-09-03T14:24:22","date_gmt":"2026-09-03T12:24:22","guid":{"rendered":"https:\/\/smj-rumia.pl\/?p=16450"},"modified":"2026-09-03T14:24:22","modified_gmt":"2026-09-03T12:24:22","slug":"glosujemy-na-projekty-dla-janowa","status":"publish","type":"post","link":"https:\/\/smj-rumia.pl\/?p=16450","title":{"rendered":"G\u0141OSUJEMY NA PROJEKTY DLA JANOWA!"},"content":{"rendered":"<div class=\"fcbkbttn_buttons_block\" id=\"fcbkbttn_left\"><div class=\"fcbkbttn_button\">\n\t\t\t\t\t<a href=\"https:\/\/www.facebook.com\/942827489138483\" target=\"_blank\">\n\t\t\t\t\t\t<img decoding=\"async\" src=\"https:\/\/smj-rumia.pl\/wp-content\/uploads\/2020\/09\/smjready.png\" alt=\"Fb-Button\" \/>\n\t\t\t\t\t<\/a>\n\t\t\t\t<\/div><\/div><div dir=\"auto\">Od 4 wrze\u015bnia br. rusza g\u0142osowanie na projekty zg\u0142oszone w ramach tegorocznego Bud\u017cetu Obywatelskiego 2027. Mieszka\u0144cy Rumi zdecyduj\u0105 o rozdysponowaniu kwoty 1,5 mln z\u0142. Dwadzie\u015bcia pi\u0119\u0107 projekt\u00f3w zosta\u0142o wybranych do g\u0142osowania, a w\u015br\u00f3d nich projekt numer 30 dotycz\u0105cy naszego osiedla: \u201eKieszonkowy ogr\u00f3d Janowa\u201d.<\/div>\n<div dir=\"auto\">Zak\u0142ada on aran\u017cacje skweru z nasadzeniami i drzewami oraz \u0142aweczkami na powierzchni ok. 1200 m\u00b2 wpisuj\u0105cego si\u0119 w teren rekreacyjny zlokalizowany pomi\u0119dzy budynkami mieszkalnymi przy ul. Wroc\u0142awskiej, Krakowskiej i Pozna\u0144skiej. W pobli\u017cu znajduje si\u0119 rozleg\u0142y, bezpieczny teren zielony z placem zabaw, boiskami do gry i wzniesieniem. W &#8222;kieszonkowym ogrodzie&#8221; b\u0119dzie mo\u017cna usi\u0105\u015b\u0107 i odpocz\u0105\u0107 w cieniu drzew i s\u0105siedztwie zieleni. Nasadzone zostan\u0105 krzewy, trawy i byliny. Pomi\u0119dzy nasadzeniami ustawione zostan\u0105 \u0142aweczki z oparciem i kosze na odpady. Zlokalizowan\u0105 na pobliskim parkingu wiat\u0119 na odpady zas\u0142oni pergola, przy kt\u00f3rej zostanie nasadzony bluszcz. B\u0119dzie to miejsce stworzone do relaksu w przyjaznej i zielonej przestrzeni.<\/div>\n<div dir=\"auto\">Zach\u0119camy tak\u017ce do g\u0142osowania na projekt &#8222;Hau Park&#8221; nr 11 skierowany do opiekun\u00f3w czworonog\u00f3w, kt\u00f3ry przewiduje stworzenie wydzielonej, bezpiecznej przestrzeni dla ps\u00f3w oraz ich opiekun\u00f3w na terenie u zbiegu ul. Doker\u00f3w i Gda\u0144skiej.<\/div>\n<div dir=\"auto\">W g\u0142osowaniu mog\u0105 wzi\u0105\u0107 udzia\u0142 wszyscy mieszka\u0144cy Rumi. Ka\u017cda osoba mo\u017ce odda\u0107 jeden g\u0142os w ka\u017cdej kategorii projektowej. G\u0142osowa\u0107 mo\u017cna przez wype\u0142nienie interaktywnego formularza dost\u0119pnego na portalu do g\u0142osowania Bud\u017cetu Obywatelskiego lub poprzez oddanie karty do g\u0142osowania w formie papierowej dost\u0119pnej w wyznaczonych przez Burmistrza Miasta Rumi punktach.<\/div>\n<div dir=\"auto\">Wyniki ko\u0144cowe poznamy 25 pa\u017adziernika br. G\u0141OSUJMY!<a href=\"https:\/\/smj-rumia.pl\/wp-content\/uploads\/2026\/09\/plakat-BO2-scaled.jpg\"><img loading=\"lazy\" decoding=\"async\" class=\"aligncenter size-full wp-image-16451\" src=\"https:\/\/smj-rumia.pl\/wp-content\/uploads\/2026\/09\/plakat-BO2-scaled.jpg\" alt=\"\" width=\"1808\" height=\"2560\" srcset=\"https:\/\/smj-rumia.pl\/wp-content\/uploads\/2026\/09\/plakat-BO2-scaled.jpg 1808w, https:\/\/smj-rumia.pl\/wp-content\/uploads\/2026\/09\/plakat-BO2-212x300.jpg 212w, https:\/\/smj-rumia.pl\/wp-content\/uploads\/2026\/09\/plakat-BO2-723x1024.jpg 723w, https:\/\/smj-rumia.pl\/wp-content\/uploads\/2026\/09\/plakat-BO2-768x1088.jpg 768w, https:\/\/smj-rumia.pl\/wp-content\/uploads\/2026\/09\/plakat-BO2-1085x1536.jpg 1085w, https:\/\/smj-rumia.pl\/wp-content\/uploads\/2026\/09\/plakat-BO2-1446x2048.jpg 1446w\" sizes=\"auto, (max-width: 1808px) 100vw, 1808px\" \/><\/a><\/div>\n","protected":false},"excerpt":{"rendered":"<p>Od 4 wrze\u015bnia br. rusza g\u0142osowanie na projekty zg\u0142oszone w ramach tegorocznego Bud\u017cetu Obywatelskiego 2027. Mieszka\u0144cy Rumi zdecyduj\u0105 o rozdysponowaniu kwoty 1,5 mln z\u0142. Dwadzie\u015bcia pi\u0119\u0107 projekt\u00f3w zosta\u0142o wybranych do g\u0142osowania, a w\u015br\u00f3d nich projekt numer 30 dotycz\u0105cy naszego osiedla: &hellip; <a class=\"more-link\" href=\"https:\/\/smj-rumia.pl\/?p=16450\">Czytaj dalej <span class=\"meta-nav\">&rarr;<\/span><\/a><\/p>\n","protected":false},"author":3,"featured_media":0,"comment_status":"closed","ping_status":"closed","sticky":true,"template":"","format":"standard","meta":{"footnotes":""},"categories":[8],"tags":[],"class_list":["post-16450","post","type-post","status-publish","format-standard","hentry","category-aktualnosci"],"_links":{"self":[{"href":"https:\/\/smj-rumia.pl\/index.php?rest_route=\/wp\/v2\/posts\/16450","targetHints":{"allow":["GET"]}}],"collection":[{"href":"https:\/\/smj-rumia.pl\/index.php?rest_route=\/wp\/v2\/posts"}],"about":[{"href":"https:\/\/smj-rumia.pl\/index.php?rest_route=\/wp\/v2\/types\/post"}],"author":[{"embeddable":true,"href":"https:\/\/smj-rumia.pl\/index.php?rest_route=\/wp\/v2\/users\/3"}],"replies":[{"embeddable":true,"href":"https:\/\/smj-rumia.pl\/index.php?rest_route=%2Fwp%2Fv2%2Fcomments&post=16450"}],"version-history":[{"count":1,"href":"https:\/\/smj-rumia.pl\/index.php?rest_route=\/wp\/v2\/posts\/16450\/revisions"}],"predecessor-version":[{"id":16452,"href":"https:\/\/smj-rumia.pl\/index.php?rest_route=\/wp\/v2\/posts\/16450\/revisions\/16452"}],"wp:attachment":[{"href":"https:\/\/smj-rumia.pl\/index.php?rest_route=%2Fwp%2Fv2%2Fmedia&parent=16450"}],"wp:term":[{"taxonomy":"category","embeddable":true,"href":"https:\/\/smj-rumia.pl\/index.php?rest_route=%2Fwp%2Fv2%2Fcategories&post=16450"},{"taxonomy":"post_tag","embeddable":true,"href":"https:\/\/smj-rumia.pl\/index.php?rest_route=%2Fwp%2Fv2%2Ftags&post=16450"}],"curies":[{"name":"wp","href":"https:\/\/api.w.org\/{rel}","templated":true}]}}