{"id":11346,"date":"2018-11-26T17:41:55","date_gmt":"2018-11-26T16:41:55","guid":{"rendered":"https:\/\/smj-rumia.pl\/?p=11346"},"modified":"2018-12-17T14:22:38","modified_gmt":"2018-12-17T13:22:38","slug":"spektakl-pt-wojny-domowe-akademia-klotni-malzenskiej-poniedzialek-10-grudnia-godz-18-00-zapisy-przez-formularz-zgloszeniowy-na-stronie-www-serwismalzenski-pl-wstep-wolny-ilosc-miejsc-og","status":"publish","type":"post","link":"https:\/\/smj-rumia.pl\/?p=11346","title":{"rendered":"Spektakl pt. &#8222;Wojny domowe. Akademia k\u0142\u00f3tni ma\u0142\u017ce\u0144skiej&#8221; &#8211; poniedzia\u0142ek 10 grudnia, godz. 18.00. Zapisy przez formularz zg\u0142oszeniowy na stronie: www.serwismalzenski.pl   Wst\u0119p wolny, ilo\u015b\u0107 miejsc ograniczona"},"content":{"rendered":"<div class=\"fcbkbttn_buttons_block\" id=\"fcbkbttn_left\"><div class=\"fcbkbttn_button\">\n\t\t\t\t\t<a href=\"https:\/\/www.facebook.com\/942827489138483\" target=\"_blank\">\n\t\t\t\t\t\t<img decoding=\"async\" src=\"https:\/\/smj-rumia.pl\/wp-content\/uploads\/2020\/09\/smjready.png\" alt=\"Fb-Button\" \/>\n\t\t\t\t\t<\/a>\n\t\t\t\t<\/div><\/div><p><a href=\"https:\/\/smj-rumia.pl\/wp-content\/uploads\/2018\/11\/Wojny-Domowe-Akademia-k\u0142\u00f3tni-ma\u0142\u017ce\u0144skiej-A3.jpg\"><img loading=\"lazy\" decoding=\"async\" class=\"aligncenter size-full wp-image-11347\" src=\"https:\/\/smj-rumia.pl\/wp-content\/uploads\/2018\/11\/Wojny-Domowe-Akademia-k\u0142\u00f3tni-ma\u0142\u017ce\u0144skiej-A3.jpg\" alt=\"\" width=\"1200\" height=\"1696\" srcset=\"https:\/\/smj-rumia.pl\/wp-content\/uploads\/2018\/11\/Wojny-Domowe-Akademia-k\u0142\u00f3tni-ma\u0142\u017ce\u0144skiej-A3.jpg 1200w, https:\/\/smj-rumia.pl\/wp-content\/uploads\/2018\/11\/Wojny-Domowe-Akademia-k\u0142\u00f3tni-ma\u0142\u017ce\u0144skiej-A3-212x300.jpg 212w, https:\/\/smj-rumia.pl\/wp-content\/uploads\/2018\/11\/Wojny-Domowe-Akademia-k\u0142\u00f3tni-ma\u0142\u017ce\u0144skiej-A3-768x1085.jpg 768w, https:\/\/smj-rumia.pl\/wp-content\/uploads\/2018\/11\/Wojny-Domowe-Akademia-k\u0142\u00f3tni-ma\u0142\u017ce\u0144skiej-A3-725x1024.jpg 725w\" sizes=\"auto, (max-width: 1200px) 100vw, 1200px\" \/><\/a><\/p>\n","protected":false},"excerpt":{"rendered":"<p> &hellip; <a class=\"more-link\" href=\"https:\/\/smj-rumia.pl\/?p=11346\">Czytaj dalej <span class=\"meta-nav\">&rarr;<\/span><\/a><\/p>\n","protected":false},"author":4,"featured_media":0,"comment_status":"closed","ping_status":"closed","sticky":false,"template":"","format":"standard","meta":{"footnotes":""},"categories":[28,6],"tags":[],"class_list":["post-11346","post","type-post","status-publish","format-standard","hentry","category-archiwum_imprez","category-dk"],"_links":{"self":[{"href":"https:\/\/smj-rumia.pl\/index.php?rest_route=\/wp\/v2\/posts\/11346","targetHints":{"allow":["GET"]}}],"collection":[{"href":"https:\/\/smj-rumia.pl\/index.php?rest_route=\/wp\/v2\/posts"}],"about":[{"href":"https:\/\/smj-rumia.pl\/index.php?rest_route=\/wp\/v2\/types\/post"}],"author":[{"embeddable":true,"href":"https:\/\/smj-rumia.pl\/index.php?rest_route=\/wp\/v2\/users\/4"}],"replies":[{"embeddable":true,"href":"https:\/\/smj-rumia.pl\/index.php?rest_route=%2Fwp%2Fv2%2Fcomments&post=11346"}],"version-history":[{"count":1,"href":"https:\/\/smj-rumia.pl\/index.php?rest_route=\/wp\/v2\/posts\/11346\/revisions"}],"predecessor-version":[{"id":11348,"href":"https:\/\/smj-rumia.pl\/index.php?rest_route=\/wp\/v2\/posts\/11346\/revisions\/11348"}],"wp:attachment":[{"href":"https:\/\/smj-rumia.pl\/index.php?rest_route=%2Fwp%2Fv2%2Fmedia&parent=11346"}],"wp:term":[{"taxonomy":"category","embeddable":true,"href":"https:\/\/smj-rumia.pl\/index.php?rest_route=%2Fwp%2Fv2%2Fcategories&post=11346"},{"taxonomy":"post_tag","embeddable":true,"href":"https:\/\/smj-rumia.pl\/index.php?rest_route=%2Fwp%2Fv2%2Ftags&post=11346"}],"curies":[{"name":"wp","href":"https:\/\/api.w.org\/{rel}","templated":true}]}}