{"id":10579,"date":"2018-04-26T12:44:09","date_gmt":"2018-04-26T10:44:09","guid":{"rendered":"https:\/\/smj-rumia.pl\/?p=10579"},"modified":"2018-05-18T07:35:13","modified_gmt":"2018-05-18T05:35:13","slug":"nowe-wymiary-oplat-czynszowych","status":"publish","type":"post","link":"https:\/\/smj-rumia.pl\/?p=10579","title":{"rendered":"NOWE WYMIARY OP\u0141AT CZYNSZOWYCH"},"content":{"rendered":"<div class=\"fcbkbttn_buttons_block\" id=\"fcbkbttn_left\"><div class=\"fcbkbttn_button\">\n\t\t\t\t\t<a href=\"https:\/\/www.facebook.com\/942827489138483\" target=\"_blank\">\n\t\t\t\t\t\t<img decoding=\"async\" src=\"https:\/\/smj-rumia.pl\/wp-content\/uploads\/2020\/09\/smjready.png\" alt=\"Fb-Button\" \/>\n\t\t\t\t\t<\/a>\n\t\t\t\t<\/div><\/div><p><span style=\"font-family: arial,helvetica,sans-serif; font-size: 8pt;\"><strong>Informujemy, i\u017c w zwi\u0105zku z planowanym zako\u0144czeniem sezonu grzewczego z wymiaru op\u0142at czynszowych od miesi\u0105ca maja br. zdj\u0119ta zostanie pozycja: op\u0142ata zmienna za c.o. <\/strong><\/span><\/p>\n<p><span style=\"font-family: arial,helvetica,sans-serif; font-size: 8pt;\">W zwi\u0105zku z obowi\u0105zuj\u0105cymi przepisami dotycz\u0105cymi legalizacji wodomierzy odb\u0119dzie <\/span><span style=\"font-family: arial,helvetica,sans-serif; font-size: 8pt;\">si\u0119 wymiana wodomierzy w naszej Sp\u00f3\u0142dzielni. Zgodnie z Uchwa\u0142\u0105 Rady Nadzorczej nr 1\/2018 z 29.01.18r. op\u0142ata za wymian\u0119 wodomierzy zostaje roz\u0142o\u017cona <\/span><span style=\"font-family: arial,helvetica,sans-serif; font-size: 8pt;\">na raty w op\u0142acie czynszowej od 01.05.2018 roku. Koszt wymiany jednego wodomierza wynosi 53,41 z\u0142.<\/span><\/p>\n<ul>\n<li><span style=\"font-family: arial,helvetica,sans-serif; font-size: 8pt;\">W przypadku wymiany 1 lub 2 wodomierzy &#8211; 10 rat <\/span><br \/>\n<span style=\"font-family: arial,helvetica,sans-serif; font-size: 8pt;\"> w okresie od 01.05.2018 &#8211; 28.02.2019.<\/span><\/li>\n<li><span style=\"font-family: arial,helvetica,sans-serif; font-size: 8pt;\">W przypadku wymiany 3 lub 4 wodomierzy &#8211; 20 rat <\/span><br \/>\n<span style=\"font-family: arial,helvetica,sans-serif; font-size: 8pt;\"> w okresie od 01.05.2018 &#8211; 31.12.2019.<\/span><\/li>\n<\/ul>\n<p><span style=\"font-family: arial,helvetica,sans-serif; font-size: 8pt;\"><strong>O terminach wymiany wodomierzy poinformujemy poprzez og\u0142oszenia zamieszczone w gablotach na klatkach schodowych.<\/strong><\/span><\/p>\n<p><span style=\"font-family: arial,helvetica,sans-serif; font-size: 8pt;\"><strong>Nowe wymiary op\u0142at czynszowych uwzgl\u0119dniaj\u0105ce powy\u017csze zmiany s\u0105 aktualnie dostarczane do wszystkich mieszka\u0144. Zmiany obowi\u0105zuj\u0105 od 1 maja 2018r.<\/strong><\/span><\/p>\n<p><span style=\"font-family: arial,helvetica,sans-serif; font-size: 8pt;\">Jednocze\u015bnie prosimy, aby osoby, kt\u00f3re zawar\u0142y umow\u0119 w sprawie grupowego ubezpieczenia mieszka\u0144 ze sk\u0142adk\u0105 p\u0142atn\u0105 miesi\u0119cznie przy op\u0142acie czynszowej &#8211; dok\u0142adnie opisywa\u0142y we wp\u0142atach wysoko\u015b\u0107 deklarowanej kwoty. Ponadto w okresie rozlicze\u0144 medi\u00f3w, w przypadku nadp\u0142at, prosimy o sk\u0142adanie deklaracji telefonicznie, osobi\u015bcie o przeksi\u0119gowaniu<\/span><br \/>\n<span style=\"font-family: arial,helvetica,sans-serif; font-size: 8pt;\"> z konta czynszowego na ubezpieczenie deklarowanej kwoty. Brak deklaracji spowoduje brak przeksi\u0119gowania tej kwoty na ubezpieczenie.<\/span><\/p>\n<p><span style=\"font-family: arial,helvetica,sans-serif; font-size: 8pt;\">Przypominamy tak\u017ce, i\u017c osoby znajduj\u0105ce si\u0119 <\/span><span style=\"font-family: arial,helvetica,sans-serif; font-size: 8pt;\">w trudnej sytuacji finansowej mog\u0105 korzysta\u0107 z dodatku mieszkaniowego. Zapraszamy osoby, kt\u00f3re chcia\u0142yby skorzysta\u0107 z mo\u017cliwo\u015bci uzyskania tego dodatku <\/span><span style=\"font-family: arial,helvetica,sans-serif; font-size: 8pt;\">do Dzia\u0142u rozliczeniowo-windykacyjnego naszej Sp\u00f3\u0142dzielni pok.7,8,9.<\/span><\/p>\n","protected":false},"excerpt":{"rendered":"<p>Informujemy, i\u017c w zwi\u0105zku z planowanym zako\u0144czeniem sezonu grzewczego z wymiaru op\u0142at czynszowych od miesi\u0105ca maja br. zdj\u0119ta zostanie pozycja: op\u0142ata zmienna za c.o. W zwi\u0105zku z obowi\u0105zuj\u0105cymi przepisami dotycz\u0105cymi legalizacji wodomierzy odb\u0119dzie si\u0119 wymiana wodomierzy w naszej Sp\u00f3\u0142dzielni. Zgodnie &hellip; <a class=\"more-link\" href=\"https:\/\/smj-rumia.pl\/?p=10579\">Czytaj dalej <span class=\"meta-nav\">&rarr;<\/span><\/a><\/p>\n","protected":false},"author":3,"featured_media":0,"comment_status":"closed","ping_status":"closed","sticky":false,"template":"","format":"standard","meta":{"footnotes":""},"categories":[21],"tags":[],"class_list":["post-10579","post","type-post","status-publish","format-standard","hentry","category-oplaty"],"_links":{"self":[{"href":"https:\/\/smj-rumia.pl\/index.php?rest_route=\/wp\/v2\/posts\/10579","targetHints":{"allow":["GET"]}}],"collection":[{"href":"https:\/\/smj-rumia.pl\/index.php?rest_route=\/wp\/v2\/posts"}],"about":[{"href":"https:\/\/smj-rumia.pl\/index.php?rest_route=\/wp\/v2\/types\/post"}],"author":[{"embeddable":true,"href":"https:\/\/smj-rumia.pl\/index.php?rest_route=\/wp\/v2\/users\/3"}],"replies":[{"embeddable":true,"href":"https:\/\/smj-rumia.pl\/index.php?rest_route=%2Fwp%2Fv2%2Fcomments&post=10579"}],"version-history":[{"count":1,"href":"https:\/\/smj-rumia.pl\/index.php?rest_route=\/wp\/v2\/posts\/10579\/revisions"}],"predecessor-version":[{"id":10580,"href":"https:\/\/smj-rumia.pl\/index.php?rest_route=\/wp\/v2\/posts\/10579\/revisions\/10580"}],"wp:attachment":[{"href":"https:\/\/smj-rumia.pl\/index.php?rest_route=%2Fwp%2Fv2%2Fmedia&parent=10579"}],"wp:term":[{"taxonomy":"category","embeddable":true,"href":"https:\/\/smj-rumia.pl\/index.php?rest_route=%2Fwp%2Fv2%2Fcategories&post=10579"},{"taxonomy":"post_tag","embeddable":true,"href":"https:\/\/smj-rumia.pl\/index.php?rest_route=%2Fwp%2Fv2%2Ftags&post=10579"}],"curies":[{"name":"wp","href":"https:\/\/api.w.org\/{rel}","templated":true}]}}